{"id":160,"date":"2011-03-02T09:23:28","date_gmt":"2011-03-02T10:23:28","guid":{"rendered":"http:\/\/www.kaouet.com\/leblog\/?p=160"},"modified":"2011-03-02T10:02:35","modified_gmt":"2011-03-02T11:02:35","slug":"expo-alfortville","status":"publish","type":"post","link":"http:\/\/www.kaouet.com\/leblog\/?p=160","title":{"rendered":"Expo Alfortville"},"content":{"rendered":"<p><img loading=\"lazy\" decoding=\"async\" class=\"alignnone\" title=\"expo Alfortville\" src=\"http:\/\/www.kaouet.com\/picb\/2011\/alfortvilleBD-expo-web.jpg\" alt=\"\" width=\"500\" height=\"766\" \/><\/p>\n<p>Du 1er Mars au 2 Avril les \u201c<strong>Enfants Terribles<\/strong>\u201d\u00a0 s&rsquo;exposent au P\u00f4le Culturel d\u2019Alfortville (94).<br \/>\nRetrouvez les \u0153uvres de 20 auteurs:\u00a0 <a href=\"http:\/\/allanbarte.com\/\" target=\"_blank\">Allan Barte<\/a>, <a href=\"http:\/\/negatif.over-blog.org\/\" target=\"_blank\">Big Tof<\/a>, <a href=\"http:\/\/www.onapratut.fr\/\" target=\"_blank\">Filak<\/a>, <a href=\"http:\/\/www.florianderycke.com\/\" target=\"_blank\">Florian Derycke <\/a>, <a href=\"http:\/\/ultimex.over-blog.com\/\" target=\"_blank\">Gad <\/a>, <a href=\"http:\/\/grigou.canalblog.com\/\" target=\"_blank\"><br \/>\nGrigou<\/a>, <a href=\"http:\/\/hibi.free.fr\/\" target=\"_blank\">Hibi<\/a>, <a href=\"http:\/\/trankilpepere.blogspot.com\/\" target=\"_blank\">Kanap\u00e9<\/a>, <a href=\"http:\/\/www.lecilvert.com\/\" target=\"_blank\">Le ciL Vert<\/a>, <a href=\"http:\/\/www.aurel-illus.com\/\" target=\"_blank\">L\u00e9ely<\/a>, <a href=\"http:\/\/lillablog.over-blog.com\/\" target=\"_blank\">Lilla<\/a>, <a href=\"http:\/\/donne-moi-ton-ballon.blogspot.com\/\" target=\"_blank\">NR<\/a>, <a href=\"http:\/\/nusse.canalblog.com\/\" target=\"_blank\">Nusse<\/a>, <a href=\"http:\/\/pochep.over-blog.com\" target=\"_blank\">Pochep<\/a>, <a href=\"http:\/\/www.acupoftim.com\/\" target=\"_blank\">Tim<\/a>, <a href=\"http:\/\/tokiart.canalblog.com\/\" target=\"_blank\">Toki<\/a>, <a href=\"http:\/\/www.vallale.fr\/\" target=\"_blank\">Vallale<\/a>,<br \/>\n<a href=\"http:\/\/waynebd.com\/blog\/\" target=\"_blank\">Wayne<\/a>,<a href=\"http:\/\/twisty.canalblog.com\/\" target=\"_blank\"> Zel<\/a>\u2026 et ma pomme. Yeah!<\/p>\n<p>Un petit aper\u00e7u de ma planche:<br \/>\n(j&rsquo;en parle aussi <a href=\"http:\/\/www.kaouet.com\/leblog\/?p=167\" target=\"_blank\">ici<\/a>)<br \/>\n<img loading=\"lazy\" decoding=\"async\" class=\"alignnone\" title=\"extrait planche Alfortville\" src=\" http:\/\/www.kaouet.com\/picb\/2011\/Enfants-terribles-extrait.jpg\" alt=\"\" width=\"450\" height=\"441\" \/><\/p>\n<p><strong>Vernissage <span style=\"color: #ff6600;\">Samedi 5 Mars<\/span><\/strong> \u00e0 16h, \u00e0 la m\u00e9diath\u00e8que d&rsquo;Alfortville donc.<br \/>\nCette expo sera suivie d&rsquo;une <strong>journ\u00e9e BD avec d\u00e9dicaces<\/strong> et jolies publications, <span style=\"color: #000000;\"><strong>Samedi 2 Avril<\/strong><\/span>.<\/p>\n<p>Le petit plan, pour vous aider un peu&#8230;<br \/>\n<img loading=\"lazy\" decoding=\"async\" class=\"alignnone\" title=\"plan alfortville\" src=\"http:\/\/www.kaouet.com\/picb\/2011\/alfortville-plan.jpg\" alt=\"\" width=\"500\" height=\"523\" \/><\/p>\n<p>En esp\u00e9rant vous y voir nombreux Samedi, celui-ci pour commencer, sinon le 2 Avril.<\/p>\n<p>&nbsp;<\/p>\n","protected":false},"excerpt":{"rendered":"<p>Du 1er Mars au 2 Avril les \u201cEnfants Terribles\u201d\u00a0 s&rsquo;exposent au P\u00f4le Culturel d\u2019Alfortville (94). Retrouvez les \u0153uvres de 20 auteurs:\u00a0 Allan Barte, Big Tof, Filak, Florian Derycke , Gad , Grigou, Hibi, Kanap\u00e9, Le ciL Vert, L\u00e9ely, Lilla, NR, &hellip; <a href=\"http:\/\/www.kaouet.com\/leblog\/?p=160\">Continuer la lecture <span class=\"meta-nav\">&rarr;<\/span><\/a><\/p>\n","protected":false},"author":1,"featured_media":0,"comment_status":"open","ping_status":"open","sticky":false,"template":"","format":"standard","meta":{"_monsterinsights_skip_tracking":false,"_monsterinsights_sitenote_active":false,"_monsterinsights_sitenote_note":"","_monsterinsights_sitenote_category":0,"footnotes":""},"categories":[24],"tags":[41,44,42,40,43],"class_list":["post-160","post","type-post","status-publish","format-standard","hentry","category-promo","tag-alfortville","tag-collectif","tag-enfants-terribles","tag-exposition","tag-planche-bd"],"_links":{"self":[{"href":"http:\/\/www.kaouet.com\/leblog\/index.php?rest_route=\/wp\/v2\/posts\/160","targetHints":{"allow":["GET"]}}],"collection":[{"href":"http:\/\/www.kaouet.com\/leblog\/index.php?rest_route=\/wp\/v2\/posts"}],"about":[{"href":"http:\/\/www.kaouet.com\/leblog\/index.php?rest_route=\/wp\/v2\/types\/post"}],"author":[{"embeddable":true,"href":"http:\/\/www.kaouet.com\/leblog\/index.php?rest_route=\/wp\/v2\/users\/1"}],"replies":[{"embeddable":true,"href":"http:\/\/www.kaouet.com\/leblog\/index.php?rest_route=%2Fwp%2Fv2%2Fcomments&post=160"}],"version-history":[{"count":6,"href":"http:\/\/www.kaouet.com\/leblog\/index.php?rest_route=\/wp\/v2\/posts\/160\/revisions"}],"predecessor-version":[{"id":165,"href":"http:\/\/www.kaouet.com\/leblog\/index.php?rest_route=\/wp\/v2\/posts\/160\/revisions\/165"}],"wp:attachment":[{"href":"http:\/\/www.kaouet.com\/leblog\/index.php?rest_route=%2Fwp%2Fv2%2Fmedia&parent=160"}],"wp:term":[{"taxonomy":"category","embeddable":true,"href":"http:\/\/www.kaouet.com\/leblog\/index.php?rest_route=%2Fwp%2Fv2%2Fcategories&post=160"},{"taxonomy":"post_tag","embeddable":true,"href":"http:\/\/www.kaouet.com\/leblog\/index.php?rest_route=%2Fwp%2Fv2%2Ftags&post=160"}],"curies":[{"name":"wp","href":"https:\/\/api.w.org\/{rel}","templated":true}]}}